{"id":47,"date":"2020-01-06T11:16:00","date_gmt":"2020-01-06T10:16:00","guid":{"rendered":"http:\/\/budapesztiwegry.eu\/?p=47"},"modified":"2020-04-15T21:58:59","modified_gmt":"2020-04-15T19:58:59","slug":"chlopcy-z-placu-broni","status":"publish","type":"post","link":"http:\/\/budapesztiwegry.eu\/index.php\/2020\/01\/06\/chlopcy-z-placu-broni\/","title":{"rendered":"Ch\u0142opcy z Placu Broni"},"content":{"rendered":"\n<p class=\"has-text-align-left\">Tak, Nemeczek i jego koledzy mieszkali w Budapeszcie. W oryginale byli to ch\u0142opcy z ulicy Paw\u0142a &#8211; <em>A P\u00e1l utcai fi\u00fak<\/em>. Nie uda\u0142o mi si\u0119 znale\u017a\u0107 ulicy Paw\u0142a w Budapeszcie, ale wszystkie tropy prowadz\u0105 w okolice Corvin Plaza. Tam przy skrzy\u017cowaniu  Pr\u00e1ter utca  i  Kisfaludy utca  znajduje si\u0119 pomnik Ch\u0142opc\u00f3w z Placu Broni &#8211; P\u00e1l utcai fi\u00fak szobra. Pomnik przypomina scen\u0119, w kt\u00f3rej ch\u0142opcy graj\u0105 w kulki i s\u0142ysz\u0105 z\u0142owrogie &#8222;Poddaj si\u0119&#8221;. <\/p>\n\n\n\n<figure class=\"wp-block-image size-large\"><img decoding=\"async\" loading=\"lazy\" width=\"1024\" height=\"682\" src=\"http:\/\/budapesztiwegry.eu\/wp-content\/uploads\/2020\/01\/chlopcy2-1024x682.jpg\" alt=\"\" class=\"wp-image-49\" srcset=\"http:\/\/budapesztiwegry.eu\/wp-content\/uploads\/2020\/01\/chlopcy2-1024x682.jpg 1024w, http:\/\/budapesztiwegry.eu\/wp-content\/uploads\/2020\/01\/chlopcy2-300x200.jpg 300w, http:\/\/budapesztiwegry.eu\/wp-content\/uploads\/2020\/01\/chlopcy2-768x511.jpg 768w, http:\/\/budapesztiwegry.eu\/wp-content\/uploads\/2020\/01\/chlopcy2.jpg 1200w\" sizes=\"(max-width: 1024px) 100vw, 1024px\" \/><figcaption>Pal utca &#8211; bracia Pastorowie<\/figcaption><\/figure>\n\n\n\n<p>Akcja ksi\u0105\u017cki rozgrywa\u0142a si\u0119 g\u0142\u00f3wnie na Placu Broni i w ogrodzie botanicznym. Ogr\u00f3d botaniczny (ELTE F\u00fcv\u00e9szkert) znajduje si\u0119 nieca\u0142e 1,5 km od pos\u0105g\u00f3w ch\u0142opc\u00f3w.<\/p>\n\n\n\n<p>Dla mnie by\u0142 to pierwszy cel wycieczki do Budapesztu. Ch\u0142opcy byli inspiracj\u0105 nie tylko dla mnie. W Polsce dobrze znane s\u0105 przeboje zespo\u0142u Ch\u0142opcy z Placu Broni. W\u0119grzy maj\u0105 sw\u00f3j odpowiednik &#8211; <em>A P\u00e1l utcai fi\u00fak<\/em>, czyli Ch\u0142opc\u00f3w z ulicy Paw\u0142a. <\/p>\n\n\n\n<figure class=\"wp-block-embed-youtube wp-block-embed is-type-video is-provider-youtube wp-embed-aspect-4-3 wp-has-aspect-ratio\"><div class=\"wp-block-embed__wrapper\">\n<iframe loading=\"lazy\" title=\"P\u00e1l Utcai Fi\u00fak - B\u00e1l\" width=\"800\" height=\"600\" src=\"https:\/\/www.youtube.com\/embed\/H94PQ0xnV38?feature=oembed\" frameborder=\"0\" allow=\"accelerometer; autoplay; encrypted-media; gyroscope; picture-in-picture\" allowfullscreen><\/iframe>\n<\/div><figcaption>P\u00e1l Utcai Fi\u00fak &#8211; B\u00e1l<\/figcaption><\/figure>\n\n\n\n<p>Na podstawie ksi\u0105\u017cki powsta\u0142 te\u017c film, musical, spektakl teatralny itd.  <\/p>\n\n\n\n<figure class=\"wp-block-embed-youtube wp-block-embed is-type-video is-provider-youtube wp-embed-aspect-16-9 wp-has-aspect-ratio\"><div class=\"wp-block-embed__wrapper\">\n<iframe loading=\"lazy\" title=\"A P\u00e1l utcai fi\u00fak - Mi vagyunk a Grund - hivatalos videoklip\" width=\"800\" height=\"450\" src=\"https:\/\/www.youtube.com\/embed\/BWqGIR2Ao1M?feature=oembed\" frameborder=\"0\" allow=\"accelerometer; autoplay; encrypted-media; gyroscope; picture-in-picture\" allowfullscreen><\/iframe>\n<\/div><figcaption> A P\u00e1l utcai fi\u00fak &#8211; spektakl  na podstawie powie\u015bci Ferenca Moln\u00e1ra.<\/figcaption><\/figure>\n\n\n\n<p><\/p>\n","protected":false},"excerpt":{"rendered":"<p>Nemeczek i jego koledzy mieszkali w Budapeszcie. W oryginale byli to ch\u0142opcy z ulicy Paw\u0142a &#8211; A P\u00e1l utcai fi\u00fak.<\/p>\n","protected":false},"author":1,"featured_media":69,"comment_status":"open","ping_status":"open","sticky":false,"template":"","format":"standard","meta":[],"categories":[3],"tags":[24,22,23],"yoast_head":"<!-- This site is optimized with the Yoast SEO plugin v20.9 - https:\/\/yoast.com\/wordpress\/plugins\/seo\/ -->\n<title>Budapeszt i W\u0119gry &bull; Ch\u0142opcy z Placu Broni<\/title>\n<meta name=\"description\" content=\"Nemeczek i jego koledzy mieszkali w Budapeszcie. W oryginale byli to ch\u0142opcy z ulicy Paw\u0142a - A P\u00e1l utcai fi\u00fak.\" \/>\n<meta name=\"robots\" content=\"index, follow, max-snippet:-1, max-image-preview:large, max-video-preview:-1\" \/>\n<link rel=\"canonical\" href=\"http:\/\/budapesztiwegry.eu\/index.php\/2020\/01\/06\/chlopcy-z-placu-broni\/\" \/>\n<meta property=\"og:locale\" content=\"pl_PL\" \/>\n<meta property=\"og:type\" content=\"article\" \/>\n<meta property=\"og:title\" content=\"Budapeszt i W\u0119gry &bull; Ch\u0142opcy z Placu Broni\" \/>\n<meta property=\"og:description\" content=\"Nemeczek i jego koledzy mieszkali w Budapeszcie. W oryginale byli to ch\u0142opcy z ulicy Paw\u0142a - A P\u00e1l utcai fi\u00fak.\" \/>\n<meta property=\"og:url\" content=\"http:\/\/budapesztiwegry.eu\/index.php\/2020\/01\/06\/chlopcy-z-placu-broni\/\" \/>\n<meta property=\"og:site_name\" content=\"Budapeszt i W\u0119gry\" \/>\n<meta property=\"article:published_time\" content=\"2020-01-06T10:16:00+00:00\" \/>\n<meta property=\"article:modified_time\" content=\"2020-04-15T19:58:59+00:00\" \/>\n<meta property=\"og:image\" content=\"http:\/\/budapesztiwegry.eu\/wp-content\/uploads\/2020\/01\/chlopcy1.jpg\" \/>\n\t<meta property=\"og:image:width\" content=\"1200\" \/>\n\t<meta property=\"og:image:height\" content=\"801\" \/>\n\t<meta property=\"og:image:type\" content=\"image\/jpeg\" \/>\n<meta name=\"author\" content=\"admini\" \/>\n<meta name=\"twitter:card\" content=\"summary_large_image\" \/>\n<meta name=\"twitter:label1\" content=\"Napisane przez\" \/>\n\t<meta name=\"twitter:data1\" content=\"admini\" \/>\n\t<meta name=\"twitter:label2\" content=\"Szacowany czas czytania\" \/>\n\t<meta name=\"twitter:data2\" content=\"1 minuta\" \/>\n<script type=\"application\/ld+json\" class=\"yoast-schema-graph\">{\"@context\":\"https:\/\/schema.org\",\"@graph\":[{\"@type\":\"Article\",\"@id\":\"http:\/\/budapesztiwegry.eu\/index.php\/2020\/01\/06\/chlopcy-z-placu-broni\/#article\",\"isPartOf\":{\"@id\":\"http:\/\/budapesztiwegry.eu\/index.php\/2020\/01\/06\/chlopcy-z-placu-broni\/\"},\"author\":{\"name\":\"admini\",\"@id\":\"http:\/\/budapesztiwegry.eu\/#\/schema\/person\/ad7af02f8b82a2a72e0763973892cdb8\"},\"headline\":\"Ch\u0142opcy z Placu Broni\",\"datePublished\":\"2020-01-06T10:16:00+00:00\",\"dateModified\":\"2020-04-15T19:58:59+00:00\",\"mainEntityOfPage\":{\"@id\":\"http:\/\/budapesztiwegry.eu\/index.php\/2020\/01\/06\/chlopcy-z-placu-broni\/\"},\"wordCount\":235,\"commentCount\":0,\"publisher\":{\"@id\":\"http:\/\/budapesztiwegry.eu\/#\/schema\/person\/ad7af02f8b82a2a72e0763973892cdb8\"},\"keywords\":[\"A P\u00e1l utcai fi\u00fak\",\"Ch\u0142opcy z Placu Broni\",\"Nemecek\"],\"articleSection\":[\"Budapeszt\"],\"inLanguage\":\"pl-PL\",\"potentialAction\":[{\"@type\":\"CommentAction\",\"name\":\"Comment\",\"target\":[\"http:\/\/budapesztiwegry.eu\/index.php\/2020\/01\/06\/chlopcy-z-placu-broni\/#respond\"]}]},{\"@type\":\"WebPage\",\"@id\":\"http:\/\/budapesztiwegry.eu\/index.php\/2020\/01\/06\/chlopcy-z-placu-broni\/\",\"url\":\"http:\/\/budapesztiwegry.eu\/index.php\/2020\/01\/06\/chlopcy-z-placu-broni\/\",\"name\":\"Budapeszt i W\u0119gry &bull; Ch\u0142opcy z Placu Broni\",\"isPartOf\":{\"@id\":\"http:\/\/budapesztiwegry.eu\/#website\"},\"datePublished\":\"2020-01-06T10:16:00+00:00\",\"dateModified\":\"2020-04-15T19:58:59+00:00\",\"description\":\"Nemeczek i jego koledzy mieszkali w Budapeszcie. W oryginale byli to ch\u0142opcy z ulicy Paw\u0142a - A P\u00e1l utcai fi\u00fak.\",\"breadcrumb\":{\"@id\":\"http:\/\/budapesztiwegry.eu\/index.php\/2020\/01\/06\/chlopcy-z-placu-broni\/#breadcrumb\"},\"inLanguage\":\"pl-PL\",\"potentialAction\":[{\"@type\":\"ReadAction\",\"target\":[\"http:\/\/budapesztiwegry.eu\/index.php\/2020\/01\/06\/chlopcy-z-placu-broni\/\"]}]},{\"@type\":\"BreadcrumbList\",\"@id\":\"http:\/\/budapesztiwegry.eu\/index.php\/2020\/01\/06\/chlopcy-z-placu-broni\/#breadcrumb\",\"itemListElement\":[{\"@type\":\"ListItem\",\"position\":1,\"name\":\"Strona g\u0142\u00f3wna\",\"item\":\"http:\/\/budapesztiwegry.eu\/\"},{\"@type\":\"ListItem\",\"position\":2,\"name\":\"Ch\u0142opcy z Placu Broni\"}]},{\"@type\":\"WebSite\",\"@id\":\"http:\/\/budapesztiwegry.eu\/#website\",\"url\":\"http:\/\/budapesztiwegry.eu\/\",\"name\":\"Budapeszt i W\u0119gry\",\"description\":\"opisy i porady\",\"publisher\":{\"@id\":\"http:\/\/budapesztiwegry.eu\/#\/schema\/person\/ad7af02f8b82a2a72e0763973892cdb8\"},\"potentialAction\":[{\"@type\":\"SearchAction\",\"target\":{\"@type\":\"EntryPoint\",\"urlTemplate\":\"http:\/\/budapesztiwegry.eu\/?s={search_term_string}\"},\"query-input\":\"required name=search_term_string\"}],\"inLanguage\":\"pl-PL\"},{\"@type\":[\"Person\",\"Organization\"],\"@id\":\"http:\/\/budapesztiwegry.eu\/#\/schema\/person\/ad7af02f8b82a2a72e0763973892cdb8\",\"name\":\"admini\",\"image\":{\"@type\":\"ImageObject\",\"inLanguage\":\"pl-PL\",\"@id\":\"http:\/\/budapesztiwegry.eu\/#\/schema\/person\/image\/\",\"url\":\"http:\/\/budapesztiwegry.eu\/wp-content\/uploads\/2020\/01\/cropped-logo.png\",\"contentUrl\":\"http:\/\/budapesztiwegry.eu\/wp-content\/uploads\/2020\/01\/cropped-logo.png\",\"width\":265,\"height\":90,\"caption\":\"admini\"},\"logo\":{\"@id\":\"http:\/\/budapesztiwegry.eu\/#\/schema\/person\/image\/\"}}]}<\/script>\n<!-- \/ Yoast SEO plugin. -->","yoast_head_json":{"title":"Budapeszt i W\u0119gry &bull; Ch\u0142opcy z Placu Broni","description":"Nemeczek i jego koledzy mieszkali w Budapeszcie. W oryginale byli to ch\u0142opcy z ulicy Paw\u0142a - A P\u00e1l utcai fi\u00fak.","robots":{"index":"index","follow":"follow","max-snippet":"max-snippet:-1","max-image-preview":"max-image-preview:large","max-video-preview":"max-video-preview:-1"},"canonical":"http:\/\/budapesztiwegry.eu\/index.php\/2020\/01\/06\/chlopcy-z-placu-broni\/","og_locale":"pl_PL","og_type":"article","og_title":"Budapeszt i W\u0119gry &bull; Ch\u0142opcy z Placu Broni","og_description":"Nemeczek i jego koledzy mieszkali w Budapeszcie. W oryginale byli to ch\u0142opcy z ulicy Paw\u0142a - A P\u00e1l utcai fi\u00fak.","og_url":"http:\/\/budapesztiwegry.eu\/index.php\/2020\/01\/06\/chlopcy-z-placu-broni\/","og_site_name":"Budapeszt i W\u0119gry","article_published_time":"2020-01-06T10:16:00+00:00","article_modified_time":"2020-04-15T19:58:59+00:00","og_image":[{"width":1200,"height":801,"url":"http:\/\/budapesztiwegry.eu\/wp-content\/uploads\/2020\/01\/chlopcy1.jpg","type":"image\/jpeg"}],"author":"admini","twitter_card":"summary_large_image","twitter_misc":{"Napisane przez":"admini","Szacowany czas czytania":"1 minuta"},"schema":{"@context":"https:\/\/schema.org","@graph":[{"@type":"Article","@id":"http:\/\/budapesztiwegry.eu\/index.php\/2020\/01\/06\/chlopcy-z-placu-broni\/#article","isPartOf":{"@id":"http:\/\/budapesztiwegry.eu\/index.php\/2020\/01\/06\/chlopcy-z-placu-broni\/"},"author":{"name":"admini","@id":"http:\/\/budapesztiwegry.eu\/#\/schema\/person\/ad7af02f8b82a2a72e0763973892cdb8"},"headline":"Ch\u0142opcy z Placu Broni","datePublished":"2020-01-06T10:16:00+00:00","dateModified":"2020-04-15T19:58:59+00:00","mainEntityOfPage":{"@id":"http:\/\/budapesztiwegry.eu\/index.php\/2020\/01\/06\/chlopcy-z-placu-broni\/"},"wordCount":235,"commentCount":0,"publisher":{"@id":"http:\/\/budapesztiwegry.eu\/#\/schema\/person\/ad7af02f8b82a2a72e0763973892cdb8"},"keywords":["A P\u00e1l utcai fi\u00fak","Ch\u0142opcy z Placu Broni","Nemecek"],"articleSection":["Budapeszt"],"inLanguage":"pl-PL","potentialAction":[{"@type":"CommentAction","name":"Comment","target":["http:\/\/budapesztiwegry.eu\/index.php\/2020\/01\/06\/chlopcy-z-placu-broni\/#respond"]}]},{"@type":"WebPage","@id":"http:\/\/budapesztiwegry.eu\/index.php\/2020\/01\/06\/chlopcy-z-placu-broni\/","url":"http:\/\/budapesztiwegry.eu\/index.php\/2020\/01\/06\/chlopcy-z-placu-broni\/","name":"Budapeszt i W\u0119gry &bull; Ch\u0142opcy z Placu Broni","isPartOf":{"@id":"http:\/\/budapesztiwegry.eu\/#website"},"datePublished":"2020-01-06T10:16:00+00:00","dateModified":"2020-04-15T19:58:59+00:00","description":"Nemeczek i jego koledzy mieszkali w Budapeszcie. W oryginale byli to ch\u0142opcy z ulicy Paw\u0142a - A P\u00e1l utcai fi\u00fak.","breadcrumb":{"@id":"http:\/\/budapesztiwegry.eu\/index.php\/2020\/01\/06\/chlopcy-z-placu-broni\/#breadcrumb"},"inLanguage":"pl-PL","potentialAction":[{"@type":"ReadAction","target":["http:\/\/budapesztiwegry.eu\/index.php\/2020\/01\/06\/chlopcy-z-placu-broni\/"]}]},{"@type":"BreadcrumbList","@id":"http:\/\/budapesztiwegry.eu\/index.php\/2020\/01\/06\/chlopcy-z-placu-broni\/#breadcrumb","itemListElement":[{"@type":"ListItem","position":1,"name":"Strona g\u0142\u00f3wna","item":"http:\/\/budapesztiwegry.eu\/"},{"@type":"ListItem","position":2,"name":"Ch\u0142opcy z Placu Broni"}]},{"@type":"WebSite","@id":"http:\/\/budapesztiwegry.eu\/#website","url":"http:\/\/budapesztiwegry.eu\/","name":"Budapeszt i W\u0119gry","description":"opisy i porady","publisher":{"@id":"http:\/\/budapesztiwegry.eu\/#\/schema\/person\/ad7af02f8b82a2a72e0763973892cdb8"},"potentialAction":[{"@type":"SearchAction","target":{"@type":"EntryPoint","urlTemplate":"http:\/\/budapesztiwegry.eu\/?s={search_term_string}"},"query-input":"required name=search_term_string"}],"inLanguage":"pl-PL"},{"@type":["Person","Organization"],"@id":"http:\/\/budapesztiwegry.eu\/#\/schema\/person\/ad7af02f8b82a2a72e0763973892cdb8","name":"admini","image":{"@type":"ImageObject","inLanguage":"pl-PL","@id":"http:\/\/budapesztiwegry.eu\/#\/schema\/person\/image\/","url":"http:\/\/budapesztiwegry.eu\/wp-content\/uploads\/2020\/01\/cropped-logo.png","contentUrl":"http:\/\/budapesztiwegry.eu\/wp-content\/uploads\/2020\/01\/cropped-logo.png","width":265,"height":90,"caption":"admini"},"logo":{"@id":"http:\/\/budapesztiwegry.eu\/#\/schema\/person\/image\/"}}]}},"_links":{"self":[{"href":"http:\/\/budapesztiwegry.eu\/index.php\/wp-json\/wp\/v2\/posts\/47"}],"collection":[{"href":"http:\/\/budapesztiwegry.eu\/index.php\/wp-json\/wp\/v2\/posts"}],"about":[{"href":"http:\/\/budapesztiwegry.eu\/index.php\/wp-json\/wp\/v2\/types\/post"}],"author":[{"embeddable":true,"href":"http:\/\/budapesztiwegry.eu\/index.php\/wp-json\/wp\/v2\/users\/1"}],"replies":[{"embeddable":true,"href":"http:\/\/budapesztiwegry.eu\/index.php\/wp-json\/wp\/v2\/comments?post=47"}],"version-history":[{"count":28,"href":"http:\/\/budapesztiwegry.eu\/index.php\/wp-json\/wp\/v2\/posts\/47\/revisions"}],"predecessor-version":[{"id":447,"href":"http:\/\/budapesztiwegry.eu\/index.php\/wp-json\/wp\/v2\/posts\/47\/revisions\/447"}],"wp:featuredmedia":[{"embeddable":true,"href":"http:\/\/budapesztiwegry.eu\/index.php\/wp-json\/wp\/v2\/media\/69"}],"wp:attachment":[{"href":"http:\/\/budapesztiwegry.eu\/index.php\/wp-json\/wp\/v2\/media?parent=47"}],"wp:term":[{"taxonomy":"category","embeddable":true,"href":"http:\/\/budapesztiwegry.eu\/index.php\/wp-json\/wp\/v2\/categories?post=47"},{"taxonomy":"post_tag","embeddable":true,"href":"http:\/\/budapesztiwegry.eu\/index.php\/wp-json\/wp\/v2\/tags?post=47"}],"curies":[{"name":"wp","href":"https:\/\/api.w.org\/{rel}","templated":true}]}}